{"id":3230,"date":"2022-01-12T12:01:33","date_gmt":"2022-01-12T11:01:33","guid":{"rendered":"https:\/\/repensarelfutur.dival.es\/?p=3230"},"modified":"2022-01-18T13:29:33","modified_gmt":"2022-01-18T12:29:33","slug":"ya-esta-aqui-calendario-ambiental-2022","status":"publish","type":"post","link":"https:\/\/repensarelfutur.dival.es\/es\/ya-esta-aqui-calendario-ambiental-2022\/","title":{"rendered":"Ya est\u00e1 aqu\u00ed el Calendario Ambiental 2022"},"content":{"rendered":"<p>Este proyecto de la Diputaci\u00f3n de Valencia cumple su 8\u00aa edici\u00f3n y apuesta por invitar a toda la comunidad escolar a crear cambios sociales a trav\u00e9s de una mirada creativa. La tem\u00e1tica de este a\u00f1o ha sido Movilidad Sostenible y ahorro energ\u00e9tico en la escuela.<\/p>\n<p>&nbsp;<\/p>\n","protected":false},"excerpt":{"rendered":"<p>Este proyecto de la Diputaci\u00f3n de Valencia cumple su 8\u00aa edici\u00f3n y apuesta por invitar a toda la comunidad escolar a crear cambios sociales a trav\u00e9s de una mirada creativa. La tem\u00e1tica de este a\u00f1o ha sido Movilidad Sostenible y ahorro energ\u00e9tico en la escuela. &nbsp;<\/p>\n","protected":false},"author":5,"featured_media":3208,"comment_status":"open","ping_status":"open","sticky":false,"template":"","format":"standard","meta":[],"categories":[20,22],"tags":[],"yoast_head":"<!-- This site is optimized with the Yoast SEO plugin v20.6 - https:\/\/yoast.com\/wordpress\/plugins\/seo\/ -->\n<title>Ya est\u00e1 aqu\u00ed el Calendario Ambiental 2022 - Repensar el futuro<\/title>\n<meta name=\"description\" content=\"Este proyecto de la Diputaci\u00f3n de Valencia cumple su 8\u00aa edici\u00f3n y apuesta por invitar a toda la comunidad escolar a crear cambios sociales a trav\u00e9s de una\" \/>\n<meta name=\"robots\" content=\"index, follow, max-snippet:-1, max-image-preview:large, max-video-preview:-1\" \/>\n<link rel=\"canonical\" href=\"https:\/\/repensarelfutur.dival.es\/es\/ya-esta-aqui-calendario-ambiental-2022\/\" \/>\n<meta property=\"og:locale\" content=\"es_ES\" \/>\n<meta property=\"og:type\" content=\"article\" \/>\n<meta property=\"og:title\" content=\"Ya est\u00e1 aqu\u00ed el Calendario Ambiental 2022 - Repensar el futuro\" \/>\n<meta property=\"og:description\" content=\"Este proyecto de la Diputaci\u00f3n de Valencia cumple su 8\u00aa edici\u00f3n y apuesta por invitar a toda la comunidad escolar a crear cambios sociales a trav\u00e9s de una\" \/>\n<meta property=\"og:url\" content=\"https:\/\/repensarelfutur.dival.es\/es\/ya-esta-aqui-calendario-ambiental-2022\/\" \/>\n<meta property=\"og:site_name\" content=\"Repensar el futuro\" \/>\n<meta property=\"article:published_time\" content=\"2022-01-12T11:01:33+00:00\" \/>\n<meta property=\"article:modified_time\" content=\"2022-01-18T12:29:33+00:00\" \/>\n<meta property=\"og:image\" content=\"https:\/\/repensarelfutur.dival.es\/wp-content\/uploads\/2021\/12\/CALENDARI-2022-JPG.jpg\" \/>\n\t<meta property=\"og:image:width\" content=\"1200\" \/>\n\t<meta property=\"og:image:height\" content=\"850\" \/>\n\t<meta property=\"og:image:type\" content=\"image\/jpeg\" \/>\n<meta name=\"author\" content=\"repensarelfutur\" \/>\n<meta name=\"twitter:card\" content=\"summary_large_image\" \/>\n<meta name=\"twitter:label1\" content=\"Escrito por\" \/>\n\t<meta name=\"twitter:data1\" content=\"repensarelfutur\" \/>\n<script type=\"application\/ld+json\" class=\"yoast-schema-graph\">{\"@context\":\"https:\/\/schema.org\",\"@graph\":[{\"@type\":\"Article\",\"@id\":\"https:\/\/repensarelfutur.dival.es\/es\/ya-esta-aqui-calendario-ambiental-2022\/#article\",\"isPartOf\":{\"@id\":\"https:\/\/repensarelfutur.dival.es\/es\/ya-esta-aqui-calendario-ambiental-2022\/\"},\"author\":{\"name\":\"repensarelfutur\",\"@id\":\"https:\/\/repensarelfutur.dival.es\/#\/schema\/person\/41a99df2818617f6e07c86d4fdac401a\"},\"headline\":\"Ya est\u00e1 aqu\u00ed el Calendario Ambiental 2022\",\"datePublished\":\"2022-01-12T11:01:33+00:00\",\"dateModified\":\"2022-01-18T12:29:33+00:00\",\"mainEntityOfPage\":{\"@id\":\"https:\/\/repensarelfutur.dival.es\/es\/ya-esta-aqui-calendario-ambiental-2022\/\"},\"wordCount\":57,\"commentCount\":0,\"publisher\":{\"@id\":\"https:\/\/repensarelfutur.dival.es\/#organization\"},\"articleSection\":[\"gente comprometida\",\"Gente comprometida\"],\"inLanguage\":\"es\",\"potentialAction\":[{\"@type\":\"CommentAction\",\"name\":\"Comment\",\"target\":[\"https:\/\/repensarelfutur.dival.es\/es\/ya-esta-aqui-calendario-ambiental-2022\/#respond\"]}]},{\"@type\":\"WebPage\",\"@id\":\"https:\/\/repensarelfutur.dival.es\/es\/ya-esta-aqui-calendario-ambiental-2022\/\",\"url\":\"https:\/\/repensarelfutur.dival.es\/es\/ya-esta-aqui-calendario-ambiental-2022\/\",\"name\":\"Ya est\u00e1 aqu\u00ed el Calendario Ambiental 2022 - Repensar el futuro\",\"isPartOf\":{\"@id\":\"https:\/\/repensarelfutur.dival.es\/#website\"},\"datePublished\":\"2022-01-12T11:01:33+00:00\",\"dateModified\":\"2022-01-18T12:29:33+00:00\",\"description\":\"Este proyecto de la Diputaci\u00f3n de Valencia cumple su 8\u00aa edici\u00f3n y apuesta por invitar a toda la comunidad escolar a crear cambios sociales a trav\u00e9s de una\",\"breadcrumb\":{\"@id\":\"https:\/\/repensarelfutur.dival.es\/es\/ya-esta-aqui-calendario-ambiental-2022\/#breadcrumb\"},\"inLanguage\":\"es\",\"potentialAction\":[{\"@type\":\"ReadAction\",\"target\":[\"https:\/\/repensarelfutur.dival.es\/es\/ya-esta-aqui-calendario-ambiental-2022\/\"]}]},{\"@type\":\"BreadcrumbList\",\"@id\":\"https:\/\/repensarelfutur.dival.es\/es\/ya-esta-aqui-calendario-ambiental-2022\/#breadcrumb\",\"itemListElement\":[{\"@type\":\"ListItem\",\"position\":1,\"name\":\"Home\",\"item\":\"https:\/\/repensarelfutur.dival.es\/es\/\"},{\"@type\":\"ListItem\",\"position\":2,\"name\":\"Ya est\u00e1 aqu\u00ed el Calendario Ambiental 2022\"}]},{\"@type\":\"WebSite\",\"@id\":\"https:\/\/repensarelfutur.dival.es\/#website\",\"url\":\"https:\/\/repensarelfutur.dival.es\/\",\"name\":\"Repensar el futuro\",\"description\":\"Recursos educatius online de la Diputaci\u00f3 de Val\u00e8ncia\",\"publisher\":{\"@id\":\"https:\/\/repensarelfutur.dival.es\/#organization\"},\"potentialAction\":[{\"@type\":\"SearchAction\",\"target\":{\"@type\":\"EntryPoint\",\"urlTemplate\":\"https:\/\/repensarelfutur.dival.es\/?s={search_term_string}\"},\"query-input\":\"required name=search_term_string\"}],\"inLanguage\":\"es\"},{\"@type\":\"Organization\",\"@id\":\"https:\/\/repensarelfutur.dival.es\/#organization\",\"name\":\"Diputaci\u00f3 de Val\u00e8ncia\",\"url\":\"https:\/\/repensarelfutur.dival.es\/\",\"logo\":{\"@type\":\"ImageObject\",\"inLanguage\":\"es\",\"@id\":\"https:\/\/repensarelfutur.dival.es\/#\/schema\/logo\/image\/\",\"url\":\"https:\/\/repensarelfutur.dival.es\/wp-content\/uploads\/2021\/03\/repensar.png\",\"contentUrl\":\"https:\/\/repensarelfutur.dival.es\/wp-content\/uploads\/2021\/03\/repensar.png\",\"width\":841,\"height\":405,\"caption\":\"Diputaci\u00f3 de Val\u00e8ncia\"},\"image\":{\"@id\":\"https:\/\/repensarelfutur.dival.es\/#\/schema\/logo\/image\/\"}},{\"@type\":\"Person\",\"@id\":\"https:\/\/repensarelfutur.dival.es\/#\/schema\/person\/41a99df2818617f6e07c86d4fdac401a\",\"name\":\"repensarelfutur\",\"image\":{\"@type\":\"ImageObject\",\"inLanguage\":\"es\",\"@id\":\"https:\/\/repensarelfutur.dival.es\/#\/schema\/person\/image\/\",\"url\":\"https:\/\/secure.gravatar.com\/avatar\/caaac156a0c7cfb4a597d5bc015f6f50?s=96&d=mm&r=g\",\"contentUrl\":\"https:\/\/secure.gravatar.com\/avatar\/caaac156a0c7cfb4a597d5bc015f6f50?s=96&d=mm&r=g\",\"caption\":\"repensarelfutur\"},\"url\":\"https:\/\/repensarelfutur.dival.es\/es\/author\/repensarelfutur\/\"}]}<\/script>\n<!-- \/ Yoast SEO plugin. -->","yoast_head_json":{"title":"Ya est\u00e1 aqu\u00ed el Calendario Ambiental 2022 - Repensar el futuro","description":"Este proyecto de la Diputaci\u00f3n de Valencia cumple su 8\u00aa edici\u00f3n y apuesta por invitar a toda la comunidad escolar a crear cambios sociales a trav\u00e9s de una","robots":{"index":"index","follow":"follow","max-snippet":"max-snippet:-1","max-image-preview":"max-image-preview:large","max-video-preview":"max-video-preview:-1"},"canonical":"https:\/\/repensarelfutur.dival.es\/es\/ya-esta-aqui-calendario-ambiental-2022\/","og_locale":"es_ES","og_type":"article","og_title":"Ya est\u00e1 aqu\u00ed el Calendario Ambiental 2022 - Repensar el futuro","og_description":"Este proyecto de la Diputaci\u00f3n de Valencia cumple su 8\u00aa edici\u00f3n y apuesta por invitar a toda la comunidad escolar a crear cambios sociales a trav\u00e9s de una","og_url":"https:\/\/repensarelfutur.dival.es\/es\/ya-esta-aqui-calendario-ambiental-2022\/","og_site_name":"Repensar el futuro","article_published_time":"2022-01-12T11:01:33+00:00","article_modified_time":"2022-01-18T12:29:33+00:00","og_image":[{"width":1200,"height":850,"url":"https:\/\/repensarelfutur.dival.es\/wp-content\/uploads\/2021\/12\/CALENDARI-2022-JPG.jpg","type":"image\/jpeg"}],"author":"repensarelfutur","twitter_card":"summary_large_image","twitter_misc":{"Escrito por":"repensarelfutur"},"schema":{"@context":"https:\/\/schema.org","@graph":[{"@type":"Article","@id":"https:\/\/repensarelfutur.dival.es\/es\/ya-esta-aqui-calendario-ambiental-2022\/#article","isPartOf":{"@id":"https:\/\/repensarelfutur.dival.es\/es\/ya-esta-aqui-calendario-ambiental-2022\/"},"author":{"name":"repensarelfutur","@id":"https:\/\/repensarelfutur.dival.es\/#\/schema\/person\/41a99df2818617f6e07c86d4fdac401a"},"headline":"Ya est\u00e1 aqu\u00ed el Calendario Ambiental 2022","datePublished":"2022-01-12T11:01:33+00:00","dateModified":"2022-01-18T12:29:33+00:00","mainEntityOfPage":{"@id":"https:\/\/repensarelfutur.dival.es\/es\/ya-esta-aqui-calendario-ambiental-2022\/"},"wordCount":57,"commentCount":0,"publisher":{"@id":"https:\/\/repensarelfutur.dival.es\/#organization"},"articleSection":["gente comprometida","Gente comprometida"],"inLanguage":"es","potentialAction":[{"@type":"CommentAction","name":"Comment","target":["https:\/\/repensarelfutur.dival.es\/es\/ya-esta-aqui-calendario-ambiental-2022\/#respond"]}]},{"@type":"WebPage","@id":"https:\/\/repensarelfutur.dival.es\/es\/ya-esta-aqui-calendario-ambiental-2022\/","url":"https:\/\/repensarelfutur.dival.es\/es\/ya-esta-aqui-calendario-ambiental-2022\/","name":"Ya est\u00e1 aqu\u00ed el Calendario Ambiental 2022 - Repensar el futuro","isPartOf":{"@id":"https:\/\/repensarelfutur.dival.es\/#website"},"datePublished":"2022-01-12T11:01:33+00:00","dateModified":"2022-01-18T12:29:33+00:00","description":"Este proyecto de la Diputaci\u00f3n de Valencia cumple su 8\u00aa edici\u00f3n y apuesta por invitar a toda la comunidad escolar a crear cambios sociales a trav\u00e9s de una","breadcrumb":{"@id":"https:\/\/repensarelfutur.dival.es\/es\/ya-esta-aqui-calendario-ambiental-2022\/#breadcrumb"},"inLanguage":"es","potentialAction":[{"@type":"ReadAction","target":["https:\/\/repensarelfutur.dival.es\/es\/ya-esta-aqui-calendario-ambiental-2022\/"]}]},{"@type":"BreadcrumbList","@id":"https:\/\/repensarelfutur.dival.es\/es\/ya-esta-aqui-calendario-ambiental-2022\/#breadcrumb","itemListElement":[{"@type":"ListItem","position":1,"name":"Home","item":"https:\/\/repensarelfutur.dival.es\/es\/"},{"@type":"ListItem","position":2,"name":"Ya est\u00e1 aqu\u00ed el Calendario Ambiental 2022"}]},{"@type":"WebSite","@id":"https:\/\/repensarelfutur.dival.es\/#website","url":"https:\/\/repensarelfutur.dival.es\/","name":"Repensar el futuro","description":"Recursos educatius online de la Diputaci\u00f3 de Val\u00e8ncia","publisher":{"@id":"https:\/\/repensarelfutur.dival.es\/#organization"},"potentialAction":[{"@type":"SearchAction","target":{"@type":"EntryPoint","urlTemplate":"https:\/\/repensarelfutur.dival.es\/?s={search_term_string}"},"query-input":"required name=search_term_string"}],"inLanguage":"es"},{"@type":"Organization","@id":"https:\/\/repensarelfutur.dival.es\/#organization","name":"Diputaci\u00f3 de Val\u00e8ncia","url":"https:\/\/repensarelfutur.dival.es\/","logo":{"@type":"ImageObject","inLanguage":"es","@id":"https:\/\/repensarelfutur.dival.es\/#\/schema\/logo\/image\/","url":"https:\/\/repensarelfutur.dival.es\/wp-content\/uploads\/2021\/03\/repensar.png","contentUrl":"https:\/\/repensarelfutur.dival.es\/wp-content\/uploads\/2021\/03\/repensar.png","width":841,"height":405,"caption":"Diputaci\u00f3 de Val\u00e8ncia"},"image":{"@id":"https:\/\/repensarelfutur.dival.es\/#\/schema\/logo\/image\/"}},{"@type":"Person","@id":"https:\/\/repensarelfutur.dival.es\/#\/schema\/person\/41a99df2818617f6e07c86d4fdac401a","name":"repensarelfutur","image":{"@type":"ImageObject","inLanguage":"es","@id":"https:\/\/repensarelfutur.dival.es\/#\/schema\/person\/image\/","url":"https:\/\/secure.gravatar.com\/avatar\/caaac156a0c7cfb4a597d5bc015f6f50?s=96&d=mm&r=g","contentUrl":"https:\/\/secure.gravatar.com\/avatar\/caaac156a0c7cfb4a597d5bc015f6f50?s=96&d=mm&r=g","caption":"repensarelfutur"},"url":"https:\/\/repensarelfutur.dival.es\/es\/author\/repensarelfutur\/"}]}},"_links":{"self":[{"href":"https:\/\/repensarelfutur.dival.es\/es\/wp-json\/wp\/v2\/posts\/3230"}],"collection":[{"href":"https:\/\/repensarelfutur.dival.es\/es\/wp-json\/wp\/v2\/posts"}],"about":[{"href":"https:\/\/repensarelfutur.dival.es\/es\/wp-json\/wp\/v2\/types\/post"}],"author":[{"embeddable":true,"href":"https:\/\/repensarelfutur.dival.es\/es\/wp-json\/wp\/v2\/users\/5"}],"replies":[{"embeddable":true,"href":"https:\/\/repensarelfutur.dival.es\/es\/wp-json\/wp\/v2\/comments?post=3230"}],"version-history":[{"count":7,"href":"https:\/\/repensarelfutur.dival.es\/es\/wp-json\/wp\/v2\/posts\/3230\/revisions"}],"predecessor-version":[{"id":3253,"href":"https:\/\/repensarelfutur.dival.es\/es\/wp-json\/wp\/v2\/posts\/3230\/revisions\/3253"}],"wp:featuredmedia":[{"embeddable":true,"href":"https:\/\/repensarelfutur.dival.es\/es\/wp-json\/wp\/v2\/media\/3208"}],"wp:attachment":[{"href":"https:\/\/repensarelfutur.dival.es\/es\/wp-json\/wp\/v2\/media?parent=3230"}],"wp:term":[{"taxonomy":"category","embeddable":true,"href":"https:\/\/repensarelfutur.dival.es\/es\/wp-json\/wp\/v2\/categories?post=3230"},{"taxonomy":"post_tag","embeddable":true,"href":"https:\/\/repensarelfutur.dival.es\/es\/wp-json\/wp\/v2\/tags?post=3230"}],"curies":[{"name":"wp","href":"https:\/\/api.w.org\/{rel}","templated":true}]}}